{"id":6502,"date":"2021-09-01T16:32:59","date_gmt":"2021-09-01T16:32:59","guid":{"rendered":"http:\/\/2021.bright-night.it\/?p=6502"},"modified":"2021-09-24T06:42:39","modified_gmt":"2021-09-24T06:42:39","slug":"buone-pratiche-e-stupidario-della-mobilita","status":"publish","type":"post","link":"https:\/\/2021.bright-night.it\/?p=6502","title":{"rendered":"Buone pratiche e &#8220;stupidario&#8221; della mobilit\u00e0"},"content":{"rendered":"<h4><strong>24 settembre 2021<\/strong><\/h4>\n<p><span style=\"font-weight: 400\">L&#8217;iniziativa sar\u00e0 presentata dal LEMOS (Laboratorio per l&#8217;educazione alla mobilit\u00e0 sostenibile), che si sta occupando della cultura della mobilit\u00e0 e dell&#8217;educazione alla mobilit\u00e0 stessa, intesa come mezzo per migliorare il modo di spostarsi, perch\u00e9 spostarsi bene \u00e8 qualcosa di pi\u00f9 che muoversi e basta. Allo stesso tempo, sar\u00e0 presentata una prima fase di raccolta dello &#8220;stupidario&#8221; della mobilit\u00e0, cio\u00e8 dei luoghi comuni, gli stereotipi che ricorrono sui sociali e sui giornali, dovuti alla mancanza di cultura della mobilit\u00e0.<\/span><\/p>\n<p><span style=\"font-weight: 400\">Iniziativa online sar\u00e0 disponibile sul<\/span><span style=\"font-weight: 400\"> canale You Tube del Presidio Mattioli:<\/span><\/p>\n<p style=\"text-align: left\"><span style=\"font-weight: 400\"><a href=\"https:\/\/youtu.be\/j3UgwiyzTsc\"><strong>\u25ba <\/strong>https:\/\/youtu.be\/j3UgwiyzTsc<\/a><\/span><\/p>\n<p><strong>Orario: 16.00 &#8211; 17.00<\/strong><\/p>\n<p><span style=\"font-weight: 400\">Referenti<br \/>\n<\/span><span style=\"font-weight: 400\">Dipartimento di Scienze politiche e internazionali<\/span><\/p>\n<p>**Ti \u00e8 piaciuto l&#8217;evento? Facci sapere cosa ne pensi, compila il<a href=\"https:\/\/forms.gle\/LjQSSdBCTH8fg6Bo9\" target=\"_blank\" rel=\"noopener noreferrer\"> questionario BRIGHT-NIGHT<\/a>!**<\/p>\n","protected":false},"excerpt":{"rendered":"<p>24 settembre 2021 L&#8217;iniziativa sar\u00e0 presentata dal LEMOS (Laboratorio per l&#8217;educazione alla mobilit\u00e0 sostenibile), che si sta occupando della cultura della mobilit\u00e0 e dell&#8217;educazione alla mobilit\u00e0 stessa, intesa come mezzo per migliorare il modo di spostarsi, perch\u00e9 spostarsi bene \u00e8 qualcosa di pi\u00f9 che muoversi e basta. Allo stesso tempo, sar\u00e0 presentata una prima fase [&hellip;]<\/p>\n","protected":false},"author":7,"featured_media":6505,"comment_status":"closed","ping_status":"closed","sticky":false,"template":"","format":"standard","meta":{"_acf_changed":false,"kk_blocks_editor_width":"","_kiokenblocks_attr":"","_kiokenblocks_dimensions":"","footnotes":""},"categories":[73,77,102,90,97,81],"tags":[],"acf":[],"_links":{"self":[{"href":"https:\/\/2021.bright-night.it\/index.php?rest_route=\/wp\/v2\/posts\/6502"}],"collection":[{"href":"https:\/\/2021.bright-night.it\/index.php?rest_route=\/wp\/v2\/posts"}],"about":[{"href":"https:\/\/2021.bright-night.it\/index.php?rest_route=\/wp\/v2\/types\/post"}],"author":[{"embeddable":true,"href":"https:\/\/2021.bright-night.it\/index.php?rest_route=\/wp\/v2\/users\/7"}],"replies":[{"embeddable":true,"href":"https:\/\/2021.bright-night.it\/index.php?rest_route=%2Fwp%2Fv2%2Fcomments&post=6502"}],"version-history":[{"count":17,"href":"https:\/\/2021.bright-night.it\/index.php?rest_route=\/wp\/v2\/posts\/6502\/revisions"}],"predecessor-version":[{"id":8659,"href":"https:\/\/2021.bright-night.it\/index.php?rest_route=\/wp\/v2\/posts\/6502\/revisions\/8659"}],"wp:featuredmedia":[{"embeddable":true,"href":"https:\/\/2021.bright-night.it\/index.php?rest_route=\/wp\/v2\/media\/6505"}],"wp:attachment":[{"href":"https:\/\/2021.bright-night.it\/index.php?rest_route=%2Fwp%2Fv2%2Fmedia&parent=6502"}],"wp:term":[{"taxonomy":"category","embeddable":true,"href":"https:\/\/2021.bright-night.it\/index.php?rest_route=%2Fwp%2Fv2%2Fcategories&post=6502"},{"taxonomy":"post_tag","embeddable":true,"href":"https:\/\/2021.bright-night.it\/index.php?rest_route=%2Fwp%2Fv2%2Ftags&post=6502"}],"curies":[{"name":"wp","href":"https:\/\/api.w.org\/{rel}","templated":true}]}}