{"id":7846,"date":"2021-09-16T10:42:57","date_gmt":"2021-09-16T10:42:57","guid":{"rendered":"http:\/\/2021.bright-night.it\/?p=7846"},"modified":"2021-09-21T14:13:40","modified_gmt":"2021-09-21T14:13:40","slug":"diseguaglianze-e-mobilita-sociale-uno-sguardo-dalleuropean-social-survey-e-altre-banche-dati","status":"publish","type":"post","link":"https:\/\/2021.bright-night.it\/?p=7846","title":{"rendered":"\u2018Diseguaglianze\u2019 e mobilit\u00e0 sociale, uno sguardo dall\u2019European Social Survey (e altre banche dati)"},"content":{"rendered":"<h3>Jessica Di Cocco<span style=\"font-weight: 400;\">, <\/span>Bernardo Monechi<\/h3>\n<p><span style=\"font-weight: 400;\">Dopo un anno di sfide crescenti per il mondo e per l\u2019Italia, la notte dei ricercatori, facolt\u00e0 di science pol sociali, offre una riflessione sulla rinnovata centralit\u00e0 dello stato sociale nella socializzazione dei rischi e nella tutela dei diritti sociali. L\u2019 incontro ha l\u2019obiettivo di comprendere \u2013 sotto vari profili \u2013 in che modo si possa incrementare la coesione, l&#8217;inclusione e la giustizia sociale in un momento particolarmente critico.\u00a0In particolare nella presentazione si\u00a0 mostrer\u00e0 e aiuter\u00e0 ad interpretare dati europei su diseguaglianze sociali ed economiche e mobilit\u00e0 sociale. Si parler\u00e0 anche del rapporto tra welfare state e genere, guardando criticamente all\u2019impatto del genere sulle disuguaglianze economiche e sociali e aspetti collegati (occupazionali, politica, etc).<\/span><\/p>\n<blockquote><p>24 settembre | ore 16.00<br \/>\n<a href=\"https:\/\/teams.microsoft.com\/l\/meetup-join\/19%3ameeting_YmM2YThmYmYtODU1NC00NTVmLTlkMDktYTI5MzM2OGM3YTAw%40thread.v2\/0?context=%7b%22Tid%22%3a%2260240b54-f639-46a1-bf85-a1aba95550fe%22%2c%22Oid%22%3a%2288eae91d-9ea8-4af1-b41b-9cd0f62bdc02%22%7d\">Link TEAMS<\/a><\/p><\/blockquote>\n<p>**Ti \u00e8 piaciuto l&#8217;evento? Facci sapere cosa ne pensi, compila il<a href=\"https:\/\/forms.gle\/LjQSSdBCTH8fg6Bo9\" target=\"_blank\" rel=\"noopener noreferrer\"> questionario BRIGHT-NIGHT<\/a>!**<\/p>\n","protected":false},"excerpt":{"rendered":"<p>Jessica Di Cocco, Bernardo Monechi Dopo un anno di sfide crescenti per il mondo e per l\u2019Italia, la notte dei ricercatori, facolt\u00e0 di science pol sociali, offre una riflessione sulla rinnovata centralit\u00e0 dello stato sociale nella socializzazione dei rischi e nella tutela dei diritti sociali. L\u2019 incontro ha l\u2019obiettivo di comprendere \u2013 sotto vari profili [&hellip;]<\/p>\n","protected":false},"author":16,"featured_media":7859,"comment_status":"closed","ping_status":"closed","sticky":false,"template":"","format":"standard","meta":{"_acf_changed":false,"kk_blocks_editor_width":"","_kiokenblocks_attr":"","_kiokenblocks_dimensions":"","footnotes":""},"categories":[73,86,77,91,94,105],"tags":[],"acf":[],"_links":{"self":[{"href":"https:\/\/2021.bright-night.it\/index.php?rest_route=\/wp\/v2\/posts\/7846"}],"collection":[{"href":"https:\/\/2021.bright-night.it\/index.php?rest_route=\/wp\/v2\/posts"}],"about":[{"href":"https:\/\/2021.bright-night.it\/index.php?rest_route=\/wp\/v2\/types\/post"}],"author":[{"embeddable":true,"href":"https:\/\/2021.bright-night.it\/index.php?rest_route=\/wp\/v2\/users\/16"}],"replies":[{"embeddable":true,"href":"https:\/\/2021.bright-night.it\/index.php?rest_route=%2Fwp%2Fv2%2Fcomments&post=7846"}],"version-history":[{"count":6,"href":"https:\/\/2021.bright-night.it\/index.php?rest_route=\/wp\/v2\/posts\/7846\/revisions"}],"predecessor-version":[{"id":8324,"href":"https:\/\/2021.bright-night.it\/index.php?rest_route=\/wp\/v2\/posts\/7846\/revisions\/8324"}],"wp:featuredmedia":[{"embeddable":true,"href":"https:\/\/2021.bright-night.it\/index.php?rest_route=\/wp\/v2\/media\/7859"}],"wp:attachment":[{"href":"https:\/\/2021.bright-night.it\/index.php?rest_route=%2Fwp%2Fv2%2Fmedia&parent=7846"}],"wp:term":[{"taxonomy":"category","embeddable":true,"href":"https:\/\/2021.bright-night.it\/index.php?rest_route=%2Fwp%2Fv2%2Fcategories&post=7846"},{"taxonomy":"post_tag","embeddable":true,"href":"https:\/\/2021.bright-night.it\/index.php?rest_route=%2Fwp%2Fv2%2Ftags&post=7846"}],"curies":[{"name":"wp","href":"https:\/\/api.w.org\/{rel}","templated":true}]}}