{"id":8489,"date":"2021-09-22T10:04:25","date_gmt":"2021-09-22T10:04:25","guid":{"rendered":"http:\/\/2021.bright-night.it\/?p=8489"},"modified":"2021-09-22T10:04:25","modified_gmt":"2021-09-22T10:04:25","slug":"lo-spazio-e-i-sensi-a-cura-di-ego-virgo","status":"publish","type":"post","link":"https:\/\/2021.bright-night.it\/?p=8489","title":{"rendered":"Lo Spazio e i Sensi &#8211; a cura di EGO-Virgo"},"content":{"rendered":"<p>Un viaggio tra suoni cosmici e note musicali alla scoperta di come ascoltiamo l&#8217;Universo a cura di EGO &#8211; Osservatorio Gravitazionale Europeo, presso La Nunziatina (Pisa) alle ore 21<\/p>\n<p>con Marica Branchesi, Wanda Diaz Merced, Stavros Katsanevas, Marina Mulopulos e un contributo speciale di Tomas Saraceno<\/p>\n<p><span style=\"font-weight: 400\">Un viaggio tra suoni cosmici e note musicali all\u2019insegna dei molti modi che abbiamo per esplorare ed ascoltare il cosmo<\/span>, con due protagoniste d&#8217;eccezione della ricerca astronomica e gravitazionale. Marica Branchesi riconosciuta a livello internazionale per il suo contributo alla nascita della cosiddetta Astronomia multi-messaggera, che punta a studiare uno stesso evento cosmico con segnali di natura diversa: onde gravitazionali, segnali elettromagnetici, raggi cosmici&#8230; . Wanda Diaz Merced astronoma non vedente \u00e8 considerata una delle leader globali della ricerca sulla sonificazione dei segnali astronomici, ovvero della possibilit\u00e0 di trasformare in suoni i dati della ricerca astrofisica, che apre nuove possibilit\u00e0 di interpretazione degli stessi dati oltre a garantirne l&#8217;accesso ai ricercatori e cittadini non vedenti.<\/p>\n<p>Ingresso libero fino ad esaurimento posti disponibili.<\/p>\n","protected":false},"excerpt":{"rendered":"<p>Un viaggio tra suoni cosmici e note musicali alla scoperta di come ascoltiamo l&#8217;Universo a cura di EGO &#8211; Osservatorio Gravitazionale Europeo, presso La Nunziatina (Pisa) alle ore 21 con Marica Branchesi, Wanda Diaz Merced, Stavros Katsanevas, Marina Mulopulos e un contributo speciale di Tomas Saraceno Un viaggio tra suoni cosmici e note musicali all\u2019insegna [&hellip;]<\/p>\n","protected":false},"author":19,"featured_media":8494,"comment_status":"closed","ping_status":"closed","sticky":false,"template":"","format":"standard","meta":{"_acf_changed":false,"kk_blocks_editor_width":"","_kiokenblocks_attr":"","_kiokenblocks_dimensions":"","footnotes":""},"categories":[109,73,76,86,91],"tags":[],"acf":[],"_links":{"self":[{"href":"https:\/\/2021.bright-night.it\/index.php?rest_route=\/wp\/v2\/posts\/8489"}],"collection":[{"href":"https:\/\/2021.bright-night.it\/index.php?rest_route=\/wp\/v2\/posts"}],"about":[{"href":"https:\/\/2021.bright-night.it\/index.php?rest_route=\/wp\/v2\/types\/post"}],"author":[{"embeddable":true,"href":"https:\/\/2021.bright-night.it\/index.php?rest_route=\/wp\/v2\/users\/19"}],"replies":[{"embeddable":true,"href":"https:\/\/2021.bright-night.it\/index.php?rest_route=%2Fwp%2Fv2%2Fcomments&post=8489"}],"version-history":[{"count":3,"href":"https:\/\/2021.bright-night.it\/index.php?rest_route=\/wp\/v2\/posts\/8489\/revisions"}],"predecessor-version":[{"id":8497,"href":"https:\/\/2021.bright-night.it\/index.php?rest_route=\/wp\/v2\/posts\/8489\/revisions\/8497"}],"wp:featuredmedia":[{"embeddable":true,"href":"https:\/\/2021.bright-night.it\/index.php?rest_route=\/wp\/v2\/media\/8494"}],"wp:attachment":[{"href":"https:\/\/2021.bright-night.it\/index.php?rest_route=%2Fwp%2Fv2%2Fmedia&parent=8489"}],"wp:term":[{"taxonomy":"category","embeddable":true,"href":"https:\/\/2021.bright-night.it\/index.php?rest_route=%2Fwp%2Fv2%2Fcategories&post=8489"},{"taxonomy":"post_tag","embeddable":true,"href":"https:\/\/2021.bright-night.it\/index.php?rest_route=%2Fwp%2Fv2%2Ftags&post=8489"}],"curies":[{"name":"wp","href":"https:\/\/api.w.org\/{rel}","templated":true}]}}